{"id":212,"date":"2022-09-02T21:08:15","date_gmt":"2022-09-02T19:08:15","guid":{"rendered":"https:\/\/jornadaspsicologiaeducacion.umh.es\/?p=212"},"modified":"2022-09-02T21:08:15","modified_gmt":"2022-09-02T19:08:15","slug":"la-prevencion-de-los-problemas-psicologicos-es-la-gran-contribucion-de-la-psicologia-educativa","status":"publish","type":"post","link":"https:\/\/jornadaspsicologiaeducacion.umh.es\/ca\/2022\/09\/02\/la-prevencion-de-los-problemas-psicologicos-es-la-gran-contribucion-de-la-psicologia-educativa\/","title":{"rendered":"<span lang=\"es\">(Espa\u00f1ol) La prevenci\u00f3n de los problemas psicol\u00f3gicos es la gran contribuci\u00f3n de la Psicolog\u00eda Educativa<\/span>"},"content":{"rendered":"<p class=\"qtranxs-available-languages-message qtranxs-available-languages-message-ca\">Ho sentim, aquesta entrada es troba disponible \u00fanicament en <a href=\"https:\/\/jornadaspsicologiaeducacion.umh.es\/es\/wp-json\/wp\/v2\/posts\/212\" class=\"qtranxs-available-language-link qtranxs-available-language-link-es\" title=\"Espa\u00f1ol\">Espanyol Europeu<\/a>.<\/p>","protected":false},"excerpt":{"rendered":"<p>Ho sentim, aquesta entrada es troba disponible \u00fanicament en Espanyol Europeu.<\/p>\n","protected":false},"author":704,"featured_media":0,"comment_status":"closed","ping_status":"open","sticky":false,"template":"","format":"standard","meta":{"_links_to":"","_links_to_target":""},"categories":[228],"tags":[],"_links":{"self":[{"href":"https:\/\/jornadaspsicologiaeducacion.umh.es\/ca\/wp-json\/wp\/v2\/posts\/212"}],"collection":[{"href":"https:\/\/jornadaspsicologiaeducacion.umh.es\/ca\/wp-json\/wp\/v2\/posts"}],"about":[{"href":"https:\/\/jornadaspsicologiaeducacion.umh.es\/ca\/wp-json\/wp\/v2\/types\/post"}],"author":[{"embeddable":true,"href":"https:\/\/jornadaspsicologiaeducacion.umh.es\/ca\/wp-json\/wp\/v2\/users\/704"}],"replies":[{"embeddable":true,"href":"https:\/\/jornadaspsicologiaeducacion.umh.es\/ca\/wp-json\/wp\/v2\/comments?post=212"}],"version-history":[{"count":0,"href":"https:\/\/jornadaspsicologiaeducacion.umh.es\/ca\/wp-json\/wp\/v2\/posts\/212\/revisions"}],"wp:attachment":[{"href":"https:\/\/jornadaspsicologiaeducacion.umh.es\/ca\/wp-json\/wp\/v2\/media?parent=212"}],"wp:term":[{"taxonomy":"category","embeddable":true,"href":"https:\/\/jornadaspsicologiaeducacion.umh.es\/ca\/wp-json\/wp\/v2\/categories?post=212"},{"taxonomy":"post_tag","embeddable":true,"href":"https:\/\/jornadaspsicologiaeducacion.umh.es\/ca\/wp-json\/wp\/v2\/tags?post=212"}],"curies":[{"name":"wp","href":"https:\/\/api.w.org\/{rel}","templated":true}]}}